{"id":1006,"date":"2017-05-23T09:43:49","date_gmt":"2017-05-23T09:43:49","guid":{"rendered":"http:\/\/www.lycee-reineantier.fr\/?p=1006"},"modified":"2022-07-03T16:51:56","modified_gmt":"2022-07-03T16:51:56","slug":"epreuve-orale-du-brevet-mardi-30-mai","status":"publish","type":"post","link":"https:\/\/www.lycee-reineantier.fr\/?p=1006","title":{"rendered":"Epreuve orale du Brevet : Mardi 30 MAI"},"content":{"rendered":"<p>L&rsquo;\u00e9preuve orale du Brevet se d\u00e9roulera le Mardi 30 Mai \u00a0au Lyc\u00e9e&#8230;.L&rsquo;expos\u00e9 doit pr\u00e9senter l&rsquo;un des projets D&rsquo;EPI ( Enseignements PRATIQUES interdisciplinaires) ou un travail men\u00e9 dans le cadre des parcours \u00ab\u00a0avenir\u00a0\u00bb,\u00a0\u00bbcitoyen\u00a0\u00bb ou \u00ab\u00a0Education artistiques et culturelles\u00a0\u00bb.<\/p>\n<p>L&rsquo;expos\u00e9 durera cinq minutes puis les \u00e9l\u00e8ves auront dix minutes d&rsquo;entretien avec le jury.<\/p>\n<p>&nbsp;<\/p>\n<p>Petit conseil : Il faut s&rsquo;entra\u00eener au maximum avant l&rsquo;\u00e9preuve car s&rsquo;exprimer en public, surtout quand on a le trac est difficile&#8230;<\/p>\n","protected":false},"excerpt":{"rendered":"<p>L&rsquo;\u00e9preuve orale du Brevet se d\u00e9roulera le Mardi 30 Mai \u00a0au Lyc\u00e9e&#8230;.L&rsquo;expos\u00e9 doit pr\u00e9senter l&rsquo;un des projets D&rsquo;EPI ( Enseignements PRATIQUES interdisciplinaires) ou un travail men\u00e9 dans le cadre des parcours \u00ab\u00a0avenir\u00a0\u00bb,\u00a0\u00bbcitoyen\u00a0\u00bb ou \u00ab\u00a0Education&#46;&#46;&#46;<\/p>\n","protected":false},"author":4,"featured_media":1007,"comment_status":"open","ping_status":"open","sticky":false,"template":"","format":"standard","meta":{"footnotes":""},"categories":[4,72],"tags":[58],"class_list":["post-1006","post","type-post","status-publish","format-standard","has-post-thumbnail","hentry","category-a-la-une","category-formation-initiale","tag-brevet"],"_links":{"self":[{"href":"https:\/\/www.lycee-reineantier.fr\/index.php?rest_route=\/wp\/v2\/posts\/1006","targetHints":{"allow":["GET"]}}],"collection":[{"href":"https:\/\/www.lycee-reineantier.fr\/index.php?rest_route=\/wp\/v2\/posts"}],"about":[{"href":"https:\/\/www.lycee-reineantier.fr\/index.php?rest_route=\/wp\/v2\/types\/post"}],"author":[{"embeddable":true,"href":"https:\/\/www.lycee-reineantier.fr\/index.php?rest_route=\/wp\/v2\/users\/4"}],"replies":[{"embeddable":true,"href":"https:\/\/www.lycee-reineantier.fr\/index.php?rest_route=%2Fwp%2Fv2%2Fcomments&post=1006"}],"version-history":[{"count":1,"href":"https:\/\/www.lycee-reineantier.fr\/index.php?rest_route=\/wp\/v2\/posts\/1006\/revisions"}],"predecessor-version":[{"id":1008,"href":"https:\/\/www.lycee-reineantier.fr\/index.php?rest_route=\/wp\/v2\/posts\/1006\/revisions\/1008"}],"wp:featuredmedia":[{"embeddable":true,"href":"https:\/\/www.lycee-reineantier.fr\/index.php?rest_route=\/wp\/v2\/media\/1007"}],"wp:attachment":[{"href":"https:\/\/www.lycee-reineantier.fr\/index.php?rest_route=%2Fwp%2Fv2%2Fmedia&parent=1006"}],"wp:term":[{"taxonomy":"category","embeddable":true,"href":"https:\/\/www.lycee-reineantier.fr\/index.php?rest_route=%2Fwp%2Fv2%2Fcategories&post=1006"},{"taxonomy":"post_tag","embeddable":true,"href":"https:\/\/www.lycee-reineantier.fr\/index.php?rest_route=%2Fwp%2Fv2%2Ftags&post=1006"}],"curies":[{"name":"wp","href":"https:\/\/api.w.org\/{rel}","templated":true}]}}