{"id":259,"date":"2015-04-14T13:43:15","date_gmt":"2015-04-14T13:43:15","guid":{"rendered":"http:\/\/www.lycee-reineantier.fr\/?p=259"},"modified":"2022-07-03T16:56:00","modified_gmt":"2022-07-03T16:56:00","slug":"vous-aimez-la-corse","status":"publish","type":"post","link":"https:\/\/www.lycee-reineantier.fr\/?p=259","title":{"rendered":"VOUS AIMEZ LA CORSE ???"},"content":{"rendered":"<p>&nbsp;<\/p>\n<p><span style=\"color: #000080;\">Flore et Sandy dans le maquis en Corse<\/span><br \/>\nl&rsquo;OGliastru \u00e0 Ucciani.<br \/>\nA eux seuls, ces noms sont \u00e9vocateurs. A les prononcer, des senteurs de maquis montent au nez. C\u2019est ici, \u00e0 une trentaine de minutes d\u2019Ajaccio, au c\u0153ur du Parc\u00a0Naturel R\u00e9gional de Corse, que Flore et Sandy ont effectu\u00e9 leur stage. Chez la tante de cette\u00a0\u00a0derni\u00e8re, laquelle tient table et 5 chambres d\u2019h\u00f4tes pour une capacit\u00e9 totale de 13 personnes.<\/p>\n<p>L\u2019adresse satisfait les plus nombreux. Les avis\u00a0 des clients de passage mentionnent p\u00eale-m\u00eale\u00a0 le calme, l\u2019authenticit\u00e9, la propret\u00e9 des lieux.<br \/>\nSans oublier la chaleur de l\u2019accueil et la qualit\u00e9\u00a0 des repas du terroir.<\/p>\n<p>Aux alentours, un r\u00e9seau balis\u00e9 de sentiers\u00a0 permet d\u2019explorer une nature g\u00e9n\u00e9reuse et le\u00a0 patrimoine rural corse. Des randonn\u00e9es faites\u00a0 de couleurs et d\u2019odeurs, qui sont \u00e0 la port\u00e9e de toute la famille.<\/p>\n<p>Pour les plus sportifs, l\u2019endroit\u00a0 propose \u00e0 proximit\u00e9 des possibilit\u00e9s d\u2019escalade,\u00a0 de canyoning, de rafting, de kayak, de VTT et\u00a0 m\u00eame de parapente. A visiter enfin un centre europ\u00e9en d\u2019\u00e9levage de tortues et L&rsquo;espace\u00a0GRANAGHJA APICULTURE\u00a0.\u00a0\u00a0Dans de telles conditions, Flore garde un\u00a0 bon souvenir de\u00a0son premier voyage dans l\u2019\u00eele de Beaut\u00e9. Elle raconte son\u00a0travail\u00a0:\u00a0\u00ab\u00a0Avec Sandy, nous faisions le service du petit\u00a0 d\u00e9jeuner. Nous nous occupions du d\u00e9part des clients et de l\u2019entretien des chambres. Nous devions assurer aussi\u00a0\u00a0 l\u2019accueil\u00a0 t\u00e9l\u00e9phonique et le suivi en ligne des r\u00e9servations et\u00a0des disponibilit\u00e9s. L\u2019apr\u00e8s-midi, nous pr\u00e9parions les assiettes\u00a0\u00a0de charcuterie confectionn\u00e9es \u00e0 partir de l\u2019\u00e9levage porcin\u00a0des propri\u00e9taires. Et en soir\u00e9e, on s\u2019occupait de la mise en\u00a0place des tables et du service. C\u2019\u00e9tait tr\u00e8s sympa. Nos journ\u00e9es de travail s\u2019\u00e9talaient de 7 \u00e0 11h le matin, de\u00a0 16 \u00e0 22h l\u2019apr\u00e8s-midi et en soir\u00e9e. Les touristes \u00e9taient\u00a0surtout fran\u00e7ais. On a souffert toutefois d\u2019une baisse de la client\u00e8le \u00e0 cause de la gr\u00e8ve des ferries qui effectuent la\u00a0travers\u00e9e entre l\u2019\u00eele et le continent. Celle-ci a cess\u00e9 au moment o\u00f9 nous terminions notre stage. C\u2019\u00e9tait un peu frustrant aussi bien pour nous que pour les propri\u00e9taires.<br \/>\nMais cela reste malgr\u00e9 tout une exp\u00e9rience tr\u00e8s enrichissante.\u00bb<\/p>\n<p>Les voyages, petits ou grands, forment la jeunesse. En tout cas, l\u00e0 encore les filles r\u00eavent de retourner sur place \u00e0 la prochaine occasion.<\/p>\n","protected":false},"excerpt":{"rendered":"<p>&nbsp; Flore et Sandy dans le maquis en Corse l&rsquo;OGliastru \u00e0 Ucciani. A eux seuls, ces noms sont \u00e9vocateurs. A les prononcer, des senteurs de maquis montent au nez. C\u2019est ici, \u00e0 une trentaine&#46;&#46;&#46;<\/p>\n","protected":false},"author":5,"featured_media":273,"comment_status":"open","ping_status":"open","sticky":false,"template":"","format":"standard","meta":{"footnotes":""},"categories":[4,72],"tags":[8],"class_list":["post-259","post","type-post","status-publish","format-standard","has-post-thumbnail","hentry","category-a-la-une","category-formation-initiale","tag-enseigner-autrement"],"_links":{"self":[{"href":"https:\/\/www.lycee-reineantier.fr\/index.php?rest_route=\/wp\/v2\/posts\/259","targetHints":{"allow":["GET"]}}],"collection":[{"href":"https:\/\/www.lycee-reineantier.fr\/index.php?rest_route=\/wp\/v2\/posts"}],"about":[{"href":"https:\/\/www.lycee-reineantier.fr\/index.php?rest_route=\/wp\/v2\/types\/post"}],"author":[{"embeddable":true,"href":"https:\/\/www.lycee-reineantier.fr\/index.php?rest_route=\/wp\/v2\/users\/5"}],"replies":[{"embeddable":true,"href":"https:\/\/www.lycee-reineantier.fr\/index.php?rest_route=%2Fwp%2Fv2%2Fcomments&post=259"}],"version-history":[{"count":1,"href":"https:\/\/www.lycee-reineantier.fr\/index.php?rest_route=\/wp\/v2\/posts\/259\/revisions"}],"predecessor-version":[{"id":268,"href":"https:\/\/www.lycee-reineantier.fr\/index.php?rest_route=\/wp\/v2\/posts\/259\/revisions\/268"}],"wp:featuredmedia":[{"embeddable":true,"href":"https:\/\/www.lycee-reineantier.fr\/index.php?rest_route=\/wp\/v2\/media\/273"}],"wp:attachment":[{"href":"https:\/\/www.lycee-reineantier.fr\/index.php?rest_route=%2Fwp%2Fv2%2Fmedia&parent=259"}],"wp:term":[{"taxonomy":"category","embeddable":true,"href":"https:\/\/www.lycee-reineantier.fr\/index.php?rest_route=%2Fwp%2Fv2%2Fcategories&post=259"},{"taxonomy":"post_tag","embeddable":true,"href":"https:\/\/www.lycee-reineantier.fr\/index.php?rest_route=%2Fwp%2Fv2%2Ftags&post=259"}],"curies":[{"name":"wp","href":"https:\/\/api.w.org\/{rel}","templated":true}]}}