{"id":342,"date":"2015-11-02T14:39:15","date_gmt":"2015-11-02T14:39:15","guid":{"rendered":"http:\/\/www.lycee-reineantier.fr\/?p=342"},"modified":"2022-07-03T16:56:00","modified_gmt":"2022-07-03T16:56:00","slug":"animation-bowling-au-jt-de-france-3-tv-bourgogne","status":"publish","type":"post","link":"https:\/\/www.lycee-reineantier.fr\/?p=342","title":{"rendered":"Animation Bowling  au JT de France 3 TV Bourgogne"},"content":{"rendered":"<p>Au cours de \u00a0leur cursus les \u00e9l\u00e8ves de BAC PRO Services aux Personnes participent \u00a0\u00e0 l&rsquo;encadrement d&rsquo;activit\u00e9 d&rsquo;animation dans le cadre\u00a0de la semaine bleue. L&rsquo;animation \u00ab\u00a0Bowling\u00a0\u00bb est organis\u00e9e par Mme BOURGEOIS, animatrice de l&rsquo;h\u00f4pital de Belnay \u00e0 Tournus et 2 enseignantes du Lyc\u00e9e.<\/p>\n<p>Chaque ann\u00e9e les r\u00e9sidents de l&rsquo;h\u00f4pital et les jeunes se retrouvent au Bowling de Chalon\/Sa\u00f4ne pour partager un repas le midi et se lancer ensuite sur les pistes am\u00e9nag\u00e9es pour l&rsquo;occasion.<\/p>\n<p>Propice \u00e0 la convivialit\u00e9, cette action repr\u00e9sente aussi l&rsquo;opportunit\u00e9 pour nos jeunes de se mettre en situation d&rsquo;aide envers un public qu&rsquo;ils c\u00f4toieront plus tard durant les stages et leur activit\u00e9 professionnelle future<\/p>\n<p>Les \u00e9l\u00e8ves accompagnent tout au long de la journ\u00e9e les r\u00e9sidents. Le but de cette activit\u00e9 est de mettre les \u00e9l\u00e8ves en situation r\u00e9elle et de pouvoir r\u00e9utiliser cette exp\u00e9rience en cours.<\/p>\n<p>Cette ann\u00e9e l&rsquo;initiative aura fait l&rsquo;objet d&rsquo;un reportage film\u00e9 par FR3 Bourgogne TV(a voir en replay sur FR3 Bourgogne Bourgogne, JT 19\/20 du lundi 12 octobre.)<\/p>\n<p>&#8230;.Merci aux \u00e9l\u00e8ves , aux jeunes et aux enseignants pour leur participation : Bonne pub pour notre lyc\u00e9e!!!<\/p>\n","protected":false},"excerpt":{"rendered":"<p>Au cours de \u00a0leur cursus les \u00e9l\u00e8ves de BAC PRO Services aux Personnes participent \u00a0\u00e0 l&rsquo;encadrement d&rsquo;activit\u00e9 d&rsquo;animation dans le cadre\u00a0de la semaine bleue. L&rsquo;animation \u00ab\u00a0Bowling\u00a0\u00bb est organis\u00e9e par Mme BOURGEOIS, animatrice de l&rsquo;h\u00f4pital&#46;&#46;&#46;<\/p>\n","protected":false},"author":4,"featured_media":428,"comment_status":"open","ping_status":"open","sticky":false,"template":"","format":"standard","meta":{"footnotes":""},"categories":[4,3,72],"tags":[],"class_list":["post-342","post","type-post","status-publish","format-standard","has-post-thumbnail","hentry","category-a-la-une","category-actualite","category-formation-initiale"],"_links":{"self":[{"href":"https:\/\/www.lycee-reineantier.fr\/index.php?rest_route=\/wp\/v2\/posts\/342","targetHints":{"allow":["GET"]}}],"collection":[{"href":"https:\/\/www.lycee-reineantier.fr\/index.php?rest_route=\/wp\/v2\/posts"}],"about":[{"href":"https:\/\/www.lycee-reineantier.fr\/index.php?rest_route=\/wp\/v2\/types\/post"}],"author":[{"embeddable":true,"href":"https:\/\/www.lycee-reineantier.fr\/index.php?rest_route=\/wp\/v2\/users\/4"}],"replies":[{"embeddable":true,"href":"https:\/\/www.lycee-reineantier.fr\/index.php?rest_route=%2Fwp%2Fv2%2Fcomments&post=342"}],"version-history":[{"count":6,"href":"https:\/\/www.lycee-reineantier.fr\/index.php?rest_route=\/wp\/v2\/posts\/342\/revisions"}],"predecessor-version":[{"id":419,"href":"https:\/\/www.lycee-reineantier.fr\/index.php?rest_route=\/wp\/v2\/posts\/342\/revisions\/419"}],"wp:featuredmedia":[{"embeddable":true,"href":"https:\/\/www.lycee-reineantier.fr\/index.php?rest_route=\/wp\/v2\/media\/428"}],"wp:attachment":[{"href":"https:\/\/www.lycee-reineantier.fr\/index.php?rest_route=%2Fwp%2Fv2%2Fmedia&parent=342"}],"wp:term":[{"taxonomy":"category","embeddable":true,"href":"https:\/\/www.lycee-reineantier.fr\/index.php?rest_route=%2Fwp%2Fv2%2Fcategories&post=342"},{"taxonomy":"post_tag","embeddable":true,"href":"https:\/\/www.lycee-reineantier.fr\/index.php?rest_route=%2Fwp%2Fv2%2Ftags&post=342"}],"curies":[{"name":"wp","href":"https:\/\/api.w.org\/{rel}","templated":true}]}}