{"id":439,"date":"2015-11-26T08:31:15","date_gmt":"2015-11-26T08:31:15","guid":{"rendered":"http:\/\/www.lycee-reineantier.fr\/?p=439"},"modified":"2022-07-03T16:56:00","modified_gmt":"2022-07-03T16:56:00","slug":"bien-etre-dans-sa-formation-bien-etre-dans-ses-baskets","status":"publish","type":"post","link":"https:\/\/www.lycee-reineantier.fr\/?p=439","title":{"rendered":"Bien \u00eatre dans sa formation, bien \u00eatre dans ses baskets !"},"content":{"rendered":"<p style=\"text-align: justify;\" align=\"CENTER\"><span style=\"font-size: large;\">Le lundi 28 septembre, dans le cadre du MAP (Module d&rsquo;Adaptation Professionnel) sur le th\u00e8me du \u00abbien-\u00eatre de la personne fragile \u00bb, les \u00e9l\u00e8ves de Terminale Bac Pro SAPAT accompagn\u00e9es par 2 enseignants, se sont rendues\u00a0\u00e0 une des journ\u00e9es de la semaine Bien \u00catre organis\u00e9e par le Grand Chalon.\u00a0 <\/span><\/p>\n<p style=\"text-align: justify;\" align=\"CENTER\"><span style=\"font-size: large;\">L&rsquo;objectif \u00e9tait de trouver \u00a0quelques pistes\u00a0pour se sentir bien dans son corps, son esprit et dans les relations avec les autres. les nombreux ateliers propos\u00e9s \u00e9tait destin\u00e9s\u00a0\u00e0\u00a0tous publics quelques soit l&rsquo;\u00e2ge et la condition physique.<\/span><\/p>\n<p style=\"text-align: justify;\" align=\"CENTER\"><span style=\"font-size: large;\">Lors de la journ\u00e9e du 28 septembre qui s&rsquo;est d\u00e9roul\u00e9e \u00e0 l&rsquo;espace sant\u00e9 pr\u00e9vention de Chalon sur Sa\u00f4ne, place Sainte Marie, la classe a pu participer \u00e0 4 ateliers <\/span><span style=\"font-size: large;\">:<\/span><\/p>\n<ul style=\"list-style-type: disc;\">\n<li style=\"text-align: justify;\"><span style=\"font-size: large;\">Cuisine Info\/seniors (recettes simples, \u00e9quilibr\u00e9es et \u00e9conomiques),<\/span><\/li>\n<li style=\"text-align: justify;\"><span style=\"font-size: large;\">\u00a0Relaxation et m\u00e9diation guid\u00e9e (avec un initiation sophrologie)\u00a0<\/span><\/li>\n<li style=\"text-align: justify;\"><span style=\"font-size: large;\">\u00a0L&rsquo;utilisation d&rsquo;un d\u00e9fibrillateur\u00a0<\/span><\/li>\n<li style=\"text-align: justify;\"><span style=\"font-size: large;\">\u00a0Gym, pr\u00e9vention des chutes (techniques professionnelles).<\/span><\/li>\n<\/ul>\n<p style=\"text-align: justify;\"><span style=\"font-size: large;\">Autant d&rsquo;\u00e9changes et de nouvelles connaissances qui ont enrichi les bagages de nos futures bacheli\u00e8res ! Un plus pour \u00eatre de bonnes stagiaires et plus tard de bonnes professionnelles, au services des personnes.<\/span><\/p>\n<p><span style=\"font-size: large;\"> Les \u00e9l\u00e8ves de Terminale Bac Pro SAPAT<\/span><\/p>\n<p>&nbsp;<\/p>\n<p>&nbsp;<\/p>\n\n\t\t<style>\n\t\t\t#gallery-1 {\n\t\t\t\tmargin: auto;\n\t\t\t}\n\t\t\t#gallery-1 .gallery-item {\n\t\t\t\tfloat: left;\n\t\t\t\tmargin-top: 10px;\n\t\t\t\ttext-align: center;\n\t\t\t\twidth: 33%;\n\t\t\t}\n\t\t\t#gallery-1 img {\n\t\t\t\tborder: 2px solid #cfcfcf;\n\t\t\t}\n\t\t\t#gallery-1 .gallery-caption {\n\t\t\t\tmargin-left: 0;\n\t\t\t}\n\t\t\t\/* see gallery_shortcode() in wp-includes\/media.php *\/\n\t\t<\/style>\n\t\t<div id='gallery-1' class='gallery galleryid-439 gallery-columns-3 gallery-size-thumbnail'><dl class='gallery-item'>\n\t\t\t<dt class='gallery-icon landscape'>\n\t\t\t\t<a href='https:\/\/www.lycee-reineantier.fr\/wp-content\/uploads\/2015\/11\/20150928_141226_001.jpg' title=\"\" data-rl_title=\"\" class=\"rl-gallery-link\" data-rl_caption=\"\" data-rel=\"lightbox-gallery-1\"><img loading=\"lazy\" decoding=\"async\" width=\"150\" height=\"150\" src=\"https:\/\/www.lycee-reineantier.fr\/wp-content\/uploads\/2015\/11\/20150928_141226_001-150x150.jpg\" class=\"attachment-thumbnail size-thumbnail no-lazy\" alt=\"\" srcset=\"https:\/\/www.lycee-reineantier.fr\/wp-content\/uploads\/2015\/11\/20150928_141226_001-150x150.jpg 150w, https:\/\/www.lycee-reineantier.fr\/wp-content\/uploads\/2015\/11\/20150928_141226_001-160x160.jpg 160w, https:\/\/www.lycee-reineantier.fr\/wp-content\/uploads\/2015\/11\/20150928_141226_001-320x320.jpg 320w\" sizes=\"auto, (max-width: 150px) 100vw, 150px\" \/><\/a>\n\t\t\t<\/dt><\/dl><dl class='gallery-item'>\n\t\t\t<dt class='gallery-icon landscape'>\n\t\t\t\t<a href='https:\/\/www.lycee-reineantier.fr\/wp-content\/uploads\/2015\/11\/20150928_142552.jpg' title=\"\" data-rl_title=\"\" class=\"rl-gallery-link\" data-rl_caption=\"\" data-rel=\"lightbox-gallery-1\"><img loading=\"lazy\" decoding=\"async\" width=\"150\" height=\"150\" src=\"https:\/\/www.lycee-reineantier.fr\/wp-content\/uploads\/2015\/11\/20150928_142552-150x150.jpg\" class=\"attachment-thumbnail size-thumbnail no-lazy\" alt=\"\" srcset=\"https:\/\/www.lycee-reineantier.fr\/wp-content\/uploads\/2015\/11\/20150928_142552-150x150.jpg 150w, https:\/\/www.lycee-reineantier.fr\/wp-content\/uploads\/2015\/11\/20150928_142552-160x160.jpg 160w, https:\/\/www.lycee-reineantier.fr\/wp-content\/uploads\/2015\/11\/20150928_142552-320x320.jpg 320w\" sizes=\"auto, (max-width: 150px) 100vw, 150px\" \/><\/a>\n\t\t\t<\/dt><\/dl>\n\t\t\t<br style='clear: both' \/>\n\t\t<\/div>\n\n","protected":false},"excerpt":{"rendered":"<p>Le lundi 28 septembre, dans le cadre du MAP (Module d&rsquo;Adaptation Professionnel) sur le th\u00e8me du \u00abbien-\u00eatre de la personne fragile \u00bb, les \u00e9l\u00e8ves de Terminale Bac Pro SAPAT accompagn\u00e9es par 2 enseignants, se&#46;&#46;&#46;<\/p>\n","protected":false},"author":3,"featured_media":441,"comment_status":"open","ping_status":"open","sticky":false,"template":"","format":"standard","meta":{"footnotes":""},"categories":[4,3,72],"tags":[23,27,25,24,26,20],"class_list":["post-439","post","type-post","status-publish","format-standard","has-post-thumbnail","hentry","category-a-la-une","category-actualite","category-formation-initiale","tag-bien-etre","tag-grand-chalon","tag-intergenerationnel","tag-map","tag-prevention-sante","tag-sortie-pedagogique"],"_links":{"self":[{"href":"https:\/\/www.lycee-reineantier.fr\/index.php?rest_route=\/wp\/v2\/posts\/439","targetHints":{"allow":["GET"]}}],"collection":[{"href":"https:\/\/www.lycee-reineantier.fr\/index.php?rest_route=\/wp\/v2\/posts"}],"about":[{"href":"https:\/\/www.lycee-reineantier.fr\/index.php?rest_route=\/wp\/v2\/types\/post"}],"author":[{"embeddable":true,"href":"https:\/\/www.lycee-reineantier.fr\/index.php?rest_route=\/wp\/v2\/users\/3"}],"replies":[{"embeddable":true,"href":"https:\/\/www.lycee-reineantier.fr\/index.php?rest_route=%2Fwp%2Fv2%2Fcomments&post=439"}],"version-history":[{"count":3,"href":"https:\/\/www.lycee-reineantier.fr\/index.php?rest_route=\/wp\/v2\/posts\/439\/revisions"}],"predecessor-version":[{"id":445,"href":"https:\/\/www.lycee-reineantier.fr\/index.php?rest_route=\/wp\/v2\/posts\/439\/revisions\/445"}],"wp:featuredmedia":[{"embeddable":true,"href":"https:\/\/www.lycee-reineantier.fr\/index.php?rest_route=\/wp\/v2\/media\/441"}],"wp:attachment":[{"href":"https:\/\/www.lycee-reineantier.fr\/index.php?rest_route=%2Fwp%2Fv2%2Fmedia&parent=439"}],"wp:term":[{"taxonomy":"category","embeddable":true,"href":"https:\/\/www.lycee-reineantier.fr\/index.php?rest_route=%2Fwp%2Fv2%2Fcategories&post=439"},{"taxonomy":"post_tag","embeddable":true,"href":"https:\/\/www.lycee-reineantier.fr\/index.php?rest_route=%2Fwp%2Fv2%2Ftags&post=439"}],"curies":[{"name":"wp","href":"https:\/\/api.w.org\/{rel}","templated":true}]}}