{"id":455,"date":"2015-12-14T13:32:22","date_gmt":"2015-12-14T13:32:22","guid":{"rendered":"http:\/\/www.lycee-reineantier.fr\/?p=455"},"modified":"2022-07-03T16:56:00","modified_gmt":"2022-07-03T16:56:00","slug":"gourmandise-et-bonne-humeur-au-marche-de-noel-de-saint-martin","status":"publish","type":"post","link":"https:\/\/www.lycee-reineantier.fr\/?p=455","title":{"rendered":"Gourmandise et bonne humeur au march\u00e9 de No\u00ebl"},"content":{"rendered":"\n\t\t<style>\n\t\t\t#gallery-1 {\n\t\t\t\tmargin: auto;\n\t\t\t}\n\t\t\t#gallery-1 .gallery-item {\n\t\t\t\tfloat: left;\n\t\t\t\tmargin-top: 10px;\n\t\t\t\ttext-align: center;\n\t\t\t\twidth: 33%;\n\t\t\t}\n\t\t\t#gallery-1 img {\n\t\t\t\tborder: 2px solid #cfcfcf;\n\t\t\t}\n\t\t\t#gallery-1 .gallery-caption {\n\t\t\t\tmargin-left: 0;\n\t\t\t}\n\t\t\t\/* see gallery_shortcode() in wp-includes\/media.php *\/\n\t\t<\/style>\n\t\t<div id='gallery-1' class='gallery galleryid-455 gallery-columns-3 gallery-size-thumbnail'><dl class='gallery-item'>\n\t\t\t<dt class='gallery-icon portrait'>\n\t\t\t\t<a href='https:\/\/www.lycee-reineantier.fr\/wp-content\/uploads\/2015\/12\/IMG_20151205_140708.jpg' title=\"\" data-rl_title=\"\" class=\"rl-gallery-link\" data-rl_caption=\"\" data-rel=\"lightbox-gallery-1\"><img loading=\"lazy\" decoding=\"async\" width=\"150\" height=\"150\" src=\"https:\/\/www.lycee-reineantier.fr\/wp-content\/uploads\/2015\/12\/IMG_20151205_140708-150x150.jpg\" class=\"attachment-thumbnail size-thumbnail no-lazy\" alt=\"\" srcset=\"https:\/\/www.lycee-reineantier.fr\/wp-content\/uploads\/2015\/12\/IMG_20151205_140708-150x150.jpg 150w, https:\/\/www.lycee-reineantier.fr\/wp-content\/uploads\/2015\/12\/IMG_20151205_140708-160x160.jpg 160w, https:\/\/www.lycee-reineantier.fr\/wp-content\/uploads\/2015\/12\/IMG_20151205_140708-320x320.jpg 320w\" sizes=\"auto, (max-width: 150px) 100vw, 150px\" \/><\/a>\n\t\t\t<\/dt><\/dl><dl class='gallery-item'>\n\t\t\t<dt class='gallery-icon landscape'>\n\t\t\t\t<a href='https:\/\/www.lycee-reineantier.fr\/wp-content\/uploads\/2015\/12\/IMG_20151205_142957.jpg' title=\"\" data-rl_title=\"\" class=\"rl-gallery-link\" data-rl_caption=\"\" data-rel=\"lightbox-gallery-1\"><img loading=\"lazy\" decoding=\"async\" width=\"150\" height=\"150\" src=\"https:\/\/www.lycee-reineantier.fr\/wp-content\/uploads\/2015\/12\/IMG_20151205_142957-150x150.jpg\" class=\"attachment-thumbnail size-thumbnail no-lazy\" alt=\"\" srcset=\"https:\/\/www.lycee-reineantier.fr\/wp-content\/uploads\/2015\/12\/IMG_20151205_142957-150x150.jpg 150w, https:\/\/www.lycee-reineantier.fr\/wp-content\/uploads\/2015\/12\/IMG_20151205_142957-160x160.jpg 160w, https:\/\/www.lycee-reineantier.fr\/wp-content\/uploads\/2015\/12\/IMG_20151205_142957-320x320.jpg 320w\" sizes=\"auto, (max-width: 150px) 100vw, 150px\" \/><\/a>\n\t\t\t<\/dt><\/dl><dl class='gallery-item'>\n\t\t\t<dt class='gallery-icon landscape'>\n\t\t\t\t<a href='https:\/\/www.lycee-reineantier.fr\/wp-content\/uploads\/2015\/12\/IMG_20151205_172555.jpg' title=\"\" data-rl_title=\"\" class=\"rl-gallery-link\" data-rl_caption=\"\" data-rel=\"lightbox-gallery-1\"><img loading=\"lazy\" decoding=\"async\" width=\"150\" height=\"150\" src=\"https:\/\/www.lycee-reineantier.fr\/wp-content\/uploads\/2015\/12\/IMG_20151205_172555-150x150.jpg\" class=\"attachment-thumbnail size-thumbnail no-lazy\" alt=\"\" srcset=\"https:\/\/www.lycee-reineantier.fr\/wp-content\/uploads\/2015\/12\/IMG_20151205_172555-150x150.jpg 150w, https:\/\/www.lycee-reineantier.fr\/wp-content\/uploads\/2015\/12\/IMG_20151205_172555-160x160.jpg 160w, https:\/\/www.lycee-reineantier.fr\/wp-content\/uploads\/2015\/12\/IMG_20151205_172555-320x320.jpg 320w\" sizes=\"auto, (max-width: 150px) 100vw, 150px\" \/><\/a>\n\t\t\t<\/dt><\/dl><br style=\"clear: both\" \/><dl class='gallery-item'>\n\t\t\t<dt class='gallery-icon portrait'>\n\t\t\t\t<a href='https:\/\/www.lycee-reineantier.fr\/wp-content\/uploads\/2015\/12\/IMG_20151205_151945.jpg' title=\"\" data-rl_title=\"\" class=\"rl-gallery-link\" data-rl_caption=\"\" data-rel=\"lightbox-gallery-1\"><img loading=\"lazy\" decoding=\"async\" width=\"150\" height=\"150\" src=\"https:\/\/www.lycee-reineantier.fr\/wp-content\/uploads\/2015\/12\/IMG_20151205_151945-150x150.jpg\" class=\"attachment-thumbnail size-thumbnail no-lazy\" alt=\"\" srcset=\"https:\/\/www.lycee-reineantier.fr\/wp-content\/uploads\/2015\/12\/IMG_20151205_151945-150x150.jpg 150w, https:\/\/www.lycee-reineantier.fr\/wp-content\/uploads\/2015\/12\/IMG_20151205_151945-160x160.jpg 160w, https:\/\/www.lycee-reineantier.fr\/wp-content\/uploads\/2015\/12\/IMG_20151205_151945-320x320.jpg 320w\" sizes=\"auto, (max-width: 150px) 100vw, 150px\" \/><\/a>\n\t\t\t<\/dt><\/dl><dl class='gallery-item'>\n\t\t\t<dt class='gallery-icon landscape'>\n\t\t\t\t<a href='https:\/\/www.lycee-reineantier.fr\/wp-content\/uploads\/2015\/12\/IMG_20151205_141125.jpg' title=\"\" data-rl_title=\"\" class=\"rl-gallery-link\" data-rl_caption=\"\" data-rel=\"lightbox-gallery-1\"><img loading=\"lazy\" decoding=\"async\" width=\"150\" height=\"150\" src=\"https:\/\/www.lycee-reineantier.fr\/wp-content\/uploads\/2015\/12\/IMG_20151205_141125-150x150.jpg\" class=\"attachment-thumbnail size-thumbnail no-lazy\" alt=\"\" srcset=\"https:\/\/www.lycee-reineantier.fr\/wp-content\/uploads\/2015\/12\/IMG_20151205_141125-150x150.jpg 150w, https:\/\/www.lycee-reineantier.fr\/wp-content\/uploads\/2015\/12\/IMG_20151205_141125-160x160.jpg 160w, https:\/\/www.lycee-reineantier.fr\/wp-content\/uploads\/2015\/12\/IMG_20151205_141125-320x320.jpg 320w\" sizes=\"auto, (max-width: 150px) 100vw, 150px\" \/><\/a>\n\t\t\t<\/dt><\/dl>\n\t\t\t<br style='clear: both' \/>\n\t\t<\/div>\n\n<p><span style=\"font-family: Century Gothic, sans-serif;\"><span style=\"font-size: medium;\">Les \u00e9l\u00e8ves de la classe de CAPA 1\u00e8re ann\u00e9e du Lyc\u00e9e Reine Antier de Saint Martin en Bresse ont, comme chaque ann\u00e9e, r\u00e9alis\u00e9 une action commerciale lors du march\u00e9 de no\u00ebl de la commune qui a eu lieu le 5 d\u00e9cembre 2015.\u00a0 <\/span><\/span><\/p>\n<p><span style=\"font-family: Century Gothic, sans-serif;\"><span style=\"font-size: medium;\">Cette action commerciale est l&rsquo;aboutissement de la visite effectu\u00e9e au pr\u00e9alable par les \u00e9l\u00e8ves \u00e0 la ferme de la Guye o\u00f9 ils ont pu participer \u00e0 l&rsquo;\u00e9laboration et \u00e0 la fabrication des diff\u00e9rents produits qu&rsquo;ils ont \u00e9t\u00e9 amen\u00e9s \u00e0 commercialiser. <\/span><\/span><\/p>\n<p><span style=\"font-family: Century Gothic, sans-serif;\"><span style=\"font-size: medium;\">Cette op\u00e9ration, en parfaite ad\u00e9quation avec le module \u00ab\u00a0Techniques et pratiques professionnelles et commerciales\u00a0\u00bb a permis aux \u00e9l\u00e8ves de mettre en oeuvre leurs acquis th\u00e9oriques et de d\u00e9velopper leurs comp\u00e9tences lors d&rsquo;une situation professionnelle concr\u00e8te. <\/span><\/span><\/p>\n<p><span style=\"font-family: Century Gothic, sans-serif;\"><span style=\"font-size: medium;\">Au vu du succ\u00e8s de l&rsquo;op\u00e9ration et de l&rsquo;engouement des \u00e9l\u00e8ves, cette op\u00e9ration devrait sans aucun doute \u00eatre reconduite l&rsquo;ann\u00e9e prochaine.\u00a0<\/span><\/span><\/p>\n<p><span style=\"font-family: Century Gothic, sans-serif;\"><span style=\"font-size: medium;\">(TEXTE G. SALAZAR) <\/span><\/span><\/p>\n","protected":false},"excerpt":{"rendered":"<p>Les \u00e9l\u00e8ves de la classe de CAPA 1\u00e8re ann\u00e9e du Lyc\u00e9e Reine Antier de Saint Martin en Bresse ont, comme chaque ann\u00e9e, r\u00e9alis\u00e9 une action commerciale lors du march\u00e9 de no\u00ebl de la commune&#46;&#46;&#46;<\/p>\n","protected":false},"author":3,"featured_media":463,"comment_status":"open","ping_status":"open","sticky":false,"template":"","format":"standard","meta":{"footnotes":""},"categories":[4,3,72],"tags":[32,29,31,30],"class_list":["post-455","post","type-post","status-publish","format-standard","has-post-thumbnail","hentry","category-a-la-une","category-actualite","category-formation-initiale","tag-action-professionnelle","tag-capa","tag-marche-de-noel","tag-services-vente"],"_links":{"self":[{"href":"https:\/\/www.lycee-reineantier.fr\/index.php?rest_route=\/wp\/v2\/posts\/455","targetHints":{"allow":["GET"]}}],"collection":[{"href":"https:\/\/www.lycee-reineantier.fr\/index.php?rest_route=\/wp\/v2\/posts"}],"about":[{"href":"https:\/\/www.lycee-reineantier.fr\/index.php?rest_route=\/wp\/v2\/types\/post"}],"author":[{"embeddable":true,"href":"https:\/\/www.lycee-reineantier.fr\/index.php?rest_route=\/wp\/v2\/users\/3"}],"replies":[{"embeddable":true,"href":"https:\/\/www.lycee-reineantier.fr\/index.php?rest_route=%2Fwp%2Fv2%2Fcomments&post=455"}],"version-history":[{"count":2,"href":"https:\/\/www.lycee-reineantier.fr\/index.php?rest_route=\/wp\/v2\/posts\/455\/revisions"}],"predecessor-version":[{"id":464,"href":"https:\/\/www.lycee-reineantier.fr\/index.php?rest_route=\/wp\/v2\/posts\/455\/revisions\/464"}],"wp:featuredmedia":[{"embeddable":true,"href":"https:\/\/www.lycee-reineantier.fr\/index.php?rest_route=\/wp\/v2\/media\/463"}],"wp:attachment":[{"href":"https:\/\/www.lycee-reineantier.fr\/index.php?rest_route=%2Fwp%2Fv2%2Fmedia&parent=455"}],"wp:term":[{"taxonomy":"category","embeddable":true,"href":"https:\/\/www.lycee-reineantier.fr\/index.php?rest_route=%2Fwp%2Fv2%2Fcategories&post=455"},{"taxonomy":"post_tag","embeddable":true,"href":"https:\/\/www.lycee-reineantier.fr\/index.php?rest_route=%2Fwp%2Fv2%2Ftags&post=455"}],"curies":[{"name":"wp","href":"https:\/\/api.w.org\/{rel}","templated":true}]}}