{"id":467,"date":"2015-12-17T12:33:09","date_gmt":"2015-12-17T12:33:09","guid":{"rendered":"http:\/\/www.lycee-reineantier.fr\/?p=467"},"modified":"2022-07-03T16:56:00","modified_gmt":"2022-07-03T16:56:00","slug":"le-bafa-au-sein-du-lycee-apporte-aux-eleves-et-a-letablissement","status":"publish","type":"post","link":"https:\/\/www.lycee-reineantier.fr\/?p=467","title":{"rendered":"Le BAFA au sein du lyc\u00e9e apporte aux \u00e9l\u00e8ves et \u00e0 l&rsquo;\u00e9tablissement"},"content":{"rendered":"\n\t\t<style>\n\t\t\t#gallery-1 {\n\t\t\t\tmargin: auto;\n\t\t\t}\n\t\t\t#gallery-1 .gallery-item {\n\t\t\t\tfloat: left;\n\t\t\t\tmargin-top: 10px;\n\t\t\t\ttext-align: center;\n\t\t\t\twidth: 33%;\n\t\t\t}\n\t\t\t#gallery-1 img {\n\t\t\t\tborder: 2px solid #cfcfcf;\n\t\t\t}\n\t\t\t#gallery-1 .gallery-caption {\n\t\t\t\tmargin-left: 0;\n\t\t\t}\n\t\t\t\/* see gallery_shortcode() in wp-includes\/media.php *\/\n\t\t<\/style>\n\t\t<div id='gallery-1' class='gallery galleryid-467 gallery-columns-3 gallery-size-thumbnail'><dl class='gallery-item'>\n\t\t\t<dt class='gallery-icon portrait'>\n\t\t\t\t<a href='https:\/\/www.lycee-reineantier.fr\/wp-content\/uploads\/2015\/12\/12272598_543920975764407_1403630543_n.jpg' title=\"\" data-rl_title=\"\" class=\"rl-gallery-link\" data-rl_caption=\"\" data-rel=\"lightbox-gallery-1\"><img loading=\"lazy\" decoding=\"async\" width=\"150\" height=\"150\" src=\"https:\/\/www.lycee-reineantier.fr\/wp-content\/uploads\/2015\/12\/12272598_543920975764407_1403630543_n-150x150.jpg\" class=\"attachment-thumbnail size-thumbnail no-lazy\" alt=\"\" srcset=\"https:\/\/www.lycee-reineantier.fr\/wp-content\/uploads\/2015\/12\/12272598_543920975764407_1403630543_n-150x150.jpg 150w, https:\/\/www.lycee-reineantier.fr\/wp-content\/uploads\/2015\/12\/12272598_543920975764407_1403630543_n-160x160.jpg 160w, https:\/\/www.lycee-reineantier.fr\/wp-content\/uploads\/2015\/12\/12272598_543920975764407_1403630543_n-320x320.jpg 320w\" sizes=\"auto, (max-width: 150px) 100vw, 150px\" \/><\/a>\n\t\t\t<\/dt><\/dl><dl class='gallery-item'>\n\t\t\t<dt class='gallery-icon landscape'>\n\t\t\t\t<a href='https:\/\/www.lycee-reineantier.fr\/wp-content\/uploads\/2015\/12\/12272982_543920969097741_35810990_n.jpg' title=\"\" data-rl_title=\"\" class=\"rl-gallery-link\" data-rl_caption=\"\" data-rel=\"lightbox-gallery-1\"><img loading=\"lazy\" decoding=\"async\" width=\"150\" height=\"150\" src=\"https:\/\/www.lycee-reineantier.fr\/wp-content\/uploads\/2015\/12\/12272982_543920969097741_35810990_n-150x150.jpg\" class=\"attachment-thumbnail size-thumbnail no-lazy\" alt=\"\" srcset=\"https:\/\/www.lycee-reineantier.fr\/wp-content\/uploads\/2015\/12\/12272982_543920969097741_35810990_n-150x150.jpg 150w, https:\/\/www.lycee-reineantier.fr\/wp-content\/uploads\/2015\/12\/12272982_543920969097741_35810990_n-160x160.jpg 160w, https:\/\/www.lycee-reineantier.fr\/wp-content\/uploads\/2015\/12\/12272982_543920969097741_35810990_n-320x320.jpg 320w\" sizes=\"auto, (max-width: 150px) 100vw, 150px\" \/><\/a>\n\t\t\t<\/dt><\/dl><dl class='gallery-item'>\n\t\t\t<dt class='gallery-icon landscape'>\n\t\t\t\t<a href='https:\/\/www.lycee-reineantier.fr\/wp-content\/uploads\/2015\/12\/12000127_543920965764408_1532578949_n.jpg' title=\"\" data-rl_title=\"\" class=\"rl-gallery-link\" data-rl_caption=\"\" data-rel=\"lightbox-gallery-1\"><img loading=\"lazy\" decoding=\"async\" width=\"150\" height=\"150\" src=\"https:\/\/www.lycee-reineantier.fr\/wp-content\/uploads\/2015\/12\/12000127_543920965764408_1532578949_n-150x150.jpg\" class=\"attachment-thumbnail size-thumbnail no-lazy\" alt=\"\" srcset=\"https:\/\/www.lycee-reineantier.fr\/wp-content\/uploads\/2015\/12\/12000127_543920965764408_1532578949_n-150x150.jpg 150w, https:\/\/www.lycee-reineantier.fr\/wp-content\/uploads\/2015\/12\/12000127_543920965764408_1532578949_n-160x160.jpg 160w, https:\/\/www.lycee-reineantier.fr\/wp-content\/uploads\/2015\/12\/12000127_543920965764408_1532578949_n-320x320.jpg 320w\" sizes=\"auto, (max-width: 150px) 100vw, 150px\" \/><\/a>\n\t\t\t<\/dt><\/dl><br style=\"clear: both\" \/>\n\t\t<\/div>\n\n<p>Depuis plusieurs ann\u00e9es une pr\u00e9paration au BAFA ( Brevet aux Fonctions d&rsquo;animateur) est organis\u00e9e au lyc\u00e9e. Une quarantaine de places\u00a0\u00a0 sont ouvertes \u00e0 chaque session.<\/p>\n<p>Une dizaine d&rsquo;\u00e9l\u00e8ves du lyc\u00e9e se sont d\u00e9j\u00e0 inscrites au prochain stage pour pouvoir faire des boulots sympas, animer les vacances et loisirs des enfants et des jeunes.<\/p>\n<p>La formation BAFA comprend 3 parties :<\/p>\n<p>&#8211; La formation G\u00e9n\u00e9rale de huit jours<\/p>\n<p>&#8211; Un stage pratique de 14 jours<\/p>\n<p>&#8211; L&rsquo;approfondissement de 6 jours<\/p>\n<p>Les titulaires peuvent encadrer des enfants et des adolescents et s&rsquo;inscrire par la suite \u00e0 des qualifications compl\u00e9mentaires ( Brevet aux fonctions de directeur par exemple).<\/p>\n<p>Nul doute que cette formation apporte \u00e0 nos \u00e9l\u00e8ves et \u00e0 l&rsquo;\u00e9tablissement :<\/p>\n<p>&#8211; Acc\u00e8s \u00e0 un co\u00fbt moindre \u00e0 la formation<\/p>\n<p>&#8211; Dynamique nouvelle au sein du lyc\u00e9e et de notre Territoire ( formation ouverte \u00e0 tous ceux qui le souhaitent)<\/p>\n<p>&#8211; Compl\u00e9mentarit\u00e9 certaine du cursus scolaire de nos jeunes en \u00ab\u00a0Services aux personnes\u00a0\u00bb pour les classes de BAC PRO et de CAP<\/p>\n<p>&#8211; Un plus sur le CV des \u00e9l\u00e8ves qui souhaitent travailler en centre a\u00e9r\u00e9, centre de loisirs..<\/p>\n<p>Prochaines sessions Hiver 2016 :<\/p>\n<p>&#8211; Formation G\u00e9n\u00e9rale : du 20 au 27\/02\/2016<\/p>\n<p>&#8211; Approfondissement : du 14 au 19\/02\/2016<\/p>\n<p>&nbsp;<\/p>\n<p>&nbsp;<\/p>\n<p>&nbsp;<\/p>\n","protected":false},"excerpt":{"rendered":"<p>Depuis plusieurs ann\u00e9es une pr\u00e9paration au BAFA ( Brevet aux Fonctions d&rsquo;animateur) est organis\u00e9e au lyc\u00e9e. Une quarantaine de places\u00a0\u00a0 sont ouvertes \u00e0 chaque session. Une dizaine d&rsquo;\u00e9l\u00e8ves du lyc\u00e9e se sont d\u00e9j\u00e0 inscrites&#46;&#46;&#46;<\/p>\n","protected":false},"author":4,"featured_media":476,"comment_status":"open","ping_status":"open","sticky":false,"template":"","format":"standard","meta":{"footnotes":""},"categories":[4,3,72],"tags":[10],"class_list":["post-467","post","type-post","status-publish","format-standard","has-post-thumbnail","hentry","category-a-la-une","category-actualite","category-formation-initiale","tag-animations"],"_links":{"self":[{"href":"https:\/\/www.lycee-reineantier.fr\/index.php?rest_route=\/wp\/v2\/posts\/467","targetHints":{"allow":["GET"]}}],"collection":[{"href":"https:\/\/www.lycee-reineantier.fr\/index.php?rest_route=\/wp\/v2\/posts"}],"about":[{"href":"https:\/\/www.lycee-reineantier.fr\/index.php?rest_route=\/wp\/v2\/types\/post"}],"author":[{"embeddable":true,"href":"https:\/\/www.lycee-reineantier.fr\/index.php?rest_route=\/wp\/v2\/users\/4"}],"replies":[{"embeddable":true,"href":"https:\/\/www.lycee-reineantier.fr\/index.php?rest_route=%2Fwp%2Fv2%2Fcomments&post=467"}],"version-history":[{"count":4,"href":"https:\/\/www.lycee-reineantier.fr\/index.php?rest_route=\/wp\/v2\/posts\/467\/revisions"}],"predecessor-version":[{"id":480,"href":"https:\/\/www.lycee-reineantier.fr\/index.php?rest_route=\/wp\/v2\/posts\/467\/revisions\/480"}],"wp:featuredmedia":[{"embeddable":true,"href":"https:\/\/www.lycee-reineantier.fr\/index.php?rest_route=\/wp\/v2\/media\/476"}],"wp:attachment":[{"href":"https:\/\/www.lycee-reineantier.fr\/index.php?rest_route=%2Fwp%2Fv2%2Fmedia&parent=467"}],"wp:term":[{"taxonomy":"category","embeddable":true,"href":"https:\/\/www.lycee-reineantier.fr\/index.php?rest_route=%2Fwp%2Fv2%2Fcategories&post=467"},{"taxonomy":"post_tag","embeddable":true,"href":"https:\/\/www.lycee-reineantier.fr\/index.php?rest_route=%2Fwp%2Fv2%2Ftags&post=467"}],"curies":[{"name":"wp","href":"https:\/\/api.w.org\/{rel}","templated":true}]}}