{"id":562,"date":"2016-03-01T15:33:10","date_gmt":"2016-03-01T15:33:10","guid":{"rendered":"http:\/\/www.lycee-reineantier.fr\/?p=562"},"modified":"2022-07-03T16:56:36","modified_gmt":"2022-07-03T16:56:36","slug":"journee-portes-ouvertes","status":"publish","type":"post","link":"https:\/\/www.lycee-reineantier.fr\/?p=562","title":{"rendered":"Journ\u00e9e Portes Ouvertes"},"content":{"rendered":"<p>Le lyc\u00e9e REINE ANTIER organise sa journ\u00e9e \u00ab\u00a0Portes ouvertes\u00a0\u00bb le samedi 12 mars 2016 de 9h00 \u00e0 12h30 et de 14h \u00e0 18h.<\/p>\n<p>Pour les futurs \u00e9l\u00e8ves et leur famille ce sera l&rsquo;occasion de visiter l&rsquo;ensemble des b\u00e2timents, de d\u00e9couvrir et de s&rsquo;inscrire dans les diff\u00e9rentes fili\u00e8res de l&rsquo;\u00e9tablissement :<\/p>\n<ul>\n<li><strong>4\u00e8me et 3\u00e8me de l&rsquo;Enseignement Agricole (D\u00e9couverte Professionnelle)\u00a0<\/strong>pour renouer avec la r\u00e9ussite scolaire et construire son orientation.<\/li>\n<li><strong>CAP Services aux Personnes et Vente\u00a0<\/strong>avec une double comp\u00e9tence en Accueil-Vente et Services aux Personnes<\/li>\n<li><strong>BAC PRO Services aux Personnes et aux Territoires\u00a0<\/strong>pour acc\u00e9der \u00e0 des m\u00e9tiers du Sanitaire et Social<\/li>\n<\/ul>\n<p>Un internat mixte de 49 places permet un h\u00e9bergement dans de bonnes conditions ( chambre individuelle ou seule avec douche).<\/p>\n<p>Il sera possible \u00a0d&rsquo;effectuer un mini stage de d\u00e9couverte du lyc\u00e9e et des fili\u00e8res. Pour s&rsquo;inscrire, prendre contact par t\u00e9l\u00e9phone avec le lyc\u00e9e.<\/p>\n","protected":false},"excerpt":{"rendered":"<p>Le lyc\u00e9e REINE ANTIER organise sa journ\u00e9e \u00ab\u00a0Portes ouvertes\u00a0\u00bb le samedi 12 mars 2016 de 9h00 \u00e0 12h30 et de 14h \u00e0 18h. Pour les futurs \u00e9l\u00e8ves et leur famille ce sera l&rsquo;occasion de&#46;&#46;&#46;<\/p>\n","protected":false},"author":3,"featured_media":563,"comment_status":"open","ping_status":"open","sticky":false,"template":"","format":"standard","meta":{"footnotes":""},"categories":[4,3,72,74],"tags":[],"class_list":["post-562","post","type-post","status-publish","format-standard","has-post-thumbnail","hentry","category-a-la-une","category-actualite","category-formation-initiale","category-vie-au-lycee"],"_links":{"self":[{"href":"https:\/\/www.lycee-reineantier.fr\/index.php?rest_route=\/wp\/v2\/posts\/562","targetHints":{"allow":["GET"]}}],"collection":[{"href":"https:\/\/www.lycee-reineantier.fr\/index.php?rest_route=\/wp\/v2\/posts"}],"about":[{"href":"https:\/\/www.lycee-reineantier.fr\/index.php?rest_route=\/wp\/v2\/types\/post"}],"author":[{"embeddable":true,"href":"https:\/\/www.lycee-reineantier.fr\/index.php?rest_route=\/wp\/v2\/users\/3"}],"replies":[{"embeddable":true,"href":"https:\/\/www.lycee-reineantier.fr\/index.php?rest_route=%2Fwp%2Fv2%2Fcomments&post=562"}],"version-history":[{"count":2,"href":"https:\/\/www.lycee-reineantier.fr\/index.php?rest_route=\/wp\/v2\/posts\/562\/revisions"}],"predecessor-version":[{"id":825,"href":"https:\/\/www.lycee-reineantier.fr\/index.php?rest_route=\/wp\/v2\/posts\/562\/revisions\/825"}],"wp:featuredmedia":[{"embeddable":true,"href":"https:\/\/www.lycee-reineantier.fr\/index.php?rest_route=\/wp\/v2\/media\/563"}],"wp:attachment":[{"href":"https:\/\/www.lycee-reineantier.fr\/index.php?rest_route=%2Fwp%2Fv2%2Fmedia&parent=562"}],"wp:term":[{"taxonomy":"category","embeddable":true,"href":"https:\/\/www.lycee-reineantier.fr\/index.php?rest_route=%2Fwp%2Fv2%2Fcategories&post=562"},{"taxonomy":"post_tag","embeddable":true,"href":"https:\/\/www.lycee-reineantier.fr\/index.php?rest_route=%2Fwp%2Fv2%2Ftags&post=562"}],"curies":[{"name":"wp","href":"https:\/\/api.w.org\/{rel}","templated":true}]}}