{"id":578,"date":"2016-05-10T13:10:09","date_gmt":"2016-05-10T13:10:09","guid":{"rendered":"http:\/\/www.lycee-reineantier.fr\/?p=578"},"modified":"2022-07-03T16:53:48","modified_gmt":"2022-07-03T16:53:48","slug":"mini-stage-dimmersion-en-4eme-et-3eme-de-lenseignement-agricole","status":"publish","type":"post","link":"https:\/\/www.lycee-reineantier.fr\/?p=578","title":{"rendered":"Mini stage d&rsquo;immersion en 4\u00e8me et 3\u00e8me de L&rsquo;enseignement agricole"},"content":{"rendered":"<p>Vous \u00eates actuellement au coll\u00e8ge. Nous vous proposons une matin\u00e9e de d\u00e9couverte professionnelle le mercredi 27 avril 2016 de 8H30 \u00e0 12H30. Si l&rsquo;immersion se fait sur le temps scolaire une convention doit \u00eatre \u00e9tablie avec le coll\u00e8ge d&rsquo;origine. Nos classes de 4 \u00e8me et 3\u00e8me sont ouvertes \u00e0 tous et propose une approche concr\u00e8te avec des stages, des visites \u00a0et des activit\u00e9s pratiques<\/p>\n<p>Beaucoup de nos anciens \u00e9l\u00e8ves peuvent le confirmer : choisir cette fili\u00e8re leur a permis de reprendre confiance en eux, de prouver leurs capacit\u00e9s, de reprendre go\u00fbt au travail.<\/p>\n<p>Pourquoi pas toi ?<\/p>\n<p>&nbsp;<\/p>\n<p><a href=\"http:\/\/www.lycee-reineantier.fr\/wp-content\/uploads\/2016\/04\/IMG_20160405_0010.jpg\" rel=\"attachment wp-att-596\" data-rel=\"lightbox-image-0\" data-rl_title=\"\" data-rl_caption=\"\" title=\"\"><img loading=\"lazy\" decoding=\"async\" class=\"alignnone size-medium wp-image-596\" src=\"http:\/\/www.lycee-reineantier.fr\/wp-content\/uploads\/2016\/04\/IMG_20160405_0010-218x300.jpg\" alt=\"IMG_20160405_0010\" width=\"218\" height=\"300\" srcset=\"https:\/\/www.lycee-reineantier.fr\/wp-content\/uploads\/2016\/04\/IMG_20160405_0010-218x300.jpg 218w, https:\/\/www.lycee-reineantier.fr\/wp-content\/uploads\/2016\/04\/IMG_20160405_0010-768x1056.jpg 768w, https:\/\/www.lycee-reineantier.fr\/wp-content\/uploads\/2016\/04\/IMG_20160405_0010-745x1024.jpg 745w\" sizes=\"auto, (max-width: 218px) 100vw, 218px\" \/><\/a> <a href=\"http:\/\/www.lycee-reineantier.fr\/wp-content\/uploads\/2016\/04\/IMG_20160405_0011.jpg\" rel=\"attachment wp-att-597\" data-rel=\"lightbox-image-1\" data-rl_title=\"\" data-rl_caption=\"\" title=\"\"><img loading=\"lazy\" decoding=\"async\" class=\"alignnone size-medium wp-image-597\" src=\"http:\/\/www.lycee-reineantier.fr\/wp-content\/uploads\/2016\/04\/IMG_20160405_0011-204x300.jpg\" alt=\"IMG_20160405_0011\" width=\"204\" height=\"300\" srcset=\"https:\/\/www.lycee-reineantier.fr\/wp-content\/uploads\/2016\/04\/IMG_20160405_0011-204x300.jpg 204w, https:\/\/www.lycee-reineantier.fr\/wp-content\/uploads\/2016\/04\/IMG_20160405_0011-768x1127.jpg 768w, https:\/\/www.lycee-reineantier.fr\/wp-content\/uploads\/2016\/04\/IMG_20160405_0011-698x1024.jpg 698w\" sizes=\"auto, (max-width: 204px) 100vw, 204px\" \/><\/a> <a href=\"http:\/\/www.lycee-reineantier.fr\/wp-content\/uploads\/2016\/04\/IMG_20160405_0012.jpg\" rel=\"attachment wp-att-598\" data-rel=\"lightbox-image-2\" data-rl_title=\"\" data-rl_caption=\"\" title=\"\"><img loading=\"lazy\" decoding=\"async\" class=\"alignnone size-medium wp-image-598\" src=\"http:\/\/www.lycee-reineantier.fr\/wp-content\/uploads\/2016\/04\/IMG_20160405_0012-212x300.jpg\" alt=\"IMG_20160405_0012\" width=\"212\" height=\"300\" srcset=\"https:\/\/www.lycee-reineantier.fr\/wp-content\/uploads\/2016\/04\/IMG_20160405_0012-212x300.jpg 212w, https:\/\/www.lycee-reineantier.fr\/wp-content\/uploads\/2016\/04\/IMG_20160405_0012-768x1086.jpg 768w, https:\/\/www.lycee-reineantier.fr\/wp-content\/uploads\/2016\/04\/IMG_20160405_0012-724x1024.jpg 724w\" sizes=\"auto, (max-width: 212px) 100vw, 212px\" \/><\/a> <a href=\"http:\/\/www.lycee-reineantier.fr\/wp-content\/uploads\/2016\/04\/IMG_20160405_0013.jpg\" rel=\"attachment wp-att-599\" data-rel=\"lightbox-image-3\" data-rl_title=\"\" data-rl_caption=\"\" title=\"\"><img loading=\"lazy\" decoding=\"async\" class=\"alignnone size-medium wp-image-599\" src=\"http:\/\/www.lycee-reineantier.fr\/wp-content\/uploads\/2016\/04\/IMG_20160405_0013-214x300.jpg\" alt=\"IMG_20160405_0013\" width=\"214\" height=\"300\" srcset=\"https:\/\/www.lycee-reineantier.fr\/wp-content\/uploads\/2016\/04\/IMG_20160405_0013-214x300.jpg 214w, https:\/\/www.lycee-reineantier.fr\/wp-content\/uploads\/2016\/04\/IMG_20160405_0013-768x1076.jpg 768w, https:\/\/www.lycee-reineantier.fr\/wp-content\/uploads\/2016\/04\/IMG_20160405_0013-731x1024.jpg 731w\" sizes=\"auto, (max-width: 214px) 100vw, 214px\" \/><\/a><\/p>\n","protected":false},"excerpt":{"rendered":"<p>Vous \u00eates actuellement au coll\u00e8ge. Nous vous proposons une matin\u00e9e de d\u00e9couverte professionnelle le mercredi 27 avril 2016 de 8H30 \u00e0 12H30. Si l&rsquo;immersion se fait sur le temps scolaire une convention doit \u00eatre&#46;&#46;&#46;<\/p>\n","protected":false},"author":4,"featured_media":596,"comment_status":"open","ping_status":"open","sticky":false,"template":"","format":"standard","meta":{"footnotes":""},"categories":[4,3,72],"tags":[],"class_list":["post-578","post","type-post","status-publish","format-standard","has-post-thumbnail","hentry","category-a-la-une","category-actualite","category-formation-initiale"],"_links":{"self":[{"href":"https:\/\/www.lycee-reineantier.fr\/index.php?rest_route=\/wp\/v2\/posts\/578","targetHints":{"allow":["GET"]}}],"collection":[{"href":"https:\/\/www.lycee-reineantier.fr\/index.php?rest_route=\/wp\/v2\/posts"}],"about":[{"href":"https:\/\/www.lycee-reineantier.fr\/index.php?rest_route=\/wp\/v2\/types\/post"}],"author":[{"embeddable":true,"href":"https:\/\/www.lycee-reineantier.fr\/index.php?rest_route=\/wp\/v2\/users\/4"}],"replies":[{"embeddable":true,"href":"https:\/\/www.lycee-reineantier.fr\/index.php?rest_route=%2Fwp%2Fv2%2Fcomments&post=578"}],"version-history":[{"count":3,"href":"https:\/\/www.lycee-reineantier.fr\/index.php?rest_route=\/wp\/v2\/posts\/578\/revisions"}],"predecessor-version":[{"id":600,"href":"https:\/\/www.lycee-reineantier.fr\/index.php?rest_route=\/wp\/v2\/posts\/578\/revisions\/600"}],"wp:featuredmedia":[{"embeddable":true,"href":"https:\/\/www.lycee-reineantier.fr\/index.php?rest_route=\/wp\/v2\/media\/596"}],"wp:attachment":[{"href":"https:\/\/www.lycee-reineantier.fr\/index.php?rest_route=%2Fwp%2Fv2%2Fmedia&parent=578"}],"wp:term":[{"taxonomy":"category","embeddable":true,"href":"https:\/\/www.lycee-reineantier.fr\/index.php?rest_route=%2Fwp%2Fv2%2Fcategories&post=578"},{"taxonomy":"post_tag","embeddable":true,"href":"https:\/\/www.lycee-reineantier.fr\/index.php?rest_route=%2Fwp%2Fv2%2Ftags&post=578"}],"curies":[{"name":"wp","href":"https:\/\/api.w.org\/{rel}","templated":true}]}}