{"id":622,"date":"2016-09-15T09:21:35","date_gmt":"2016-09-15T09:21:35","guid":{"rendered":"http:\/\/www.lycee-reineantier.fr\/?p=622"},"modified":"2022-07-03T16:54:26","modified_gmt":"2022-07-03T16:54:26","slug":"attention-particuliere-du-lycee-pour-la-periode-daccueil","status":"publish","type":"post","link":"https:\/\/www.lycee-reineantier.fr\/?p=622","title":{"rendered":"Attention particuli\u00e8re du lyc\u00e9e pour la p\u00e9riode d&rsquo;accueil"},"content":{"rendered":"<p>Les premiers temps pass\u00e9s dans une classe sont fondateurs et p\u00e8sent beaucoup sur le reste du d\u00e9roulement de l&rsquo;ann\u00e9e. C&rsquo;est pourquoi la Communaut\u00e9 \u00e9ducative du lyc\u00e9e Reine Antier est attentive \u00e0 chaque rentr\u00e9e \u00e0 la p\u00e9riode d&rsquo;accueil des nouveaux \u00e9l\u00e8ves.<\/p>\n<p>Au programme en ce d\u00e9but d&rsquo;ann\u00e9e scolaire :<\/p>\n<ul>\n<li>Pr\u00e9sentation g\u00e9n\u00e9rale de l&rsquo;ann\u00e9e scolaire par le professeur principal en pr\u00e9sences des familles<\/li>\n<li>D\u00e9couverte de l&rsquo;environnement proche de St Martin en Bresse sous forme d&rsquo;un jeu de piste<\/li>\n<li>Activit\u00e9s \u00ab\u00a0sportives\u00a0\u00bb: accrobranche, Sortie Nautique et \u00e9quitation<\/li>\n<li>Ateliers gastronomiques<\/li>\n<li>Visite de deux sites qui en \u00ab\u00a0imposent\u00a0\u00bb : Grottes d&rsquo;Az\u00e9 et Solutr\u00e9<\/li>\n<\/ul>\n<p>Ces activit\u00e9s permettent \u00a0aux \u00e9l\u00e8ves de se rassurer, de se sentir \u00e0 l&rsquo;aise et de mieux conna\u00eetre leur \u00e9tablissement et surtout de construire des relations au sein de leur classe mais aussi avec les adultes.<\/p>\n<p>Apr\u00e8s cette p\u00e9riode o\u00f9 r\u00e8gne une ambiance conviviale, il faudra cependant retourner \u00e0 un emploi du temps plus classique. Ces premi\u00e8res journ\u00e9es de reprise, \u00e0 la fois studieuse et ludiques ont lanc\u00e9es l&rsquo;ann\u00e9e scolaire et les \u00e9l\u00e8ves attendent impatiemment d&rsquo;autres sorties,l&rsquo;occasion pour eux d&rsquo;allier la th\u00e9orie des cours \u00e0 la r\u00e9alit\u00e9 de terrain.<\/p>\n<p>Mme ROTHDIENER<\/p>\n<p><a href=\"http:\/\/www.lycee-reineantier.fr\/wp-content\/uploads\/2016\/09\/DSC_0192.jpg\" data-rel=\"lightbox-image-0\" data-rl_title=\"\" data-rl_caption=\"\" title=\"\"><img loading=\"lazy\" decoding=\"async\" class=\"alignnone size-medium wp-image-641\" src=\"http:\/\/www.lycee-reineantier.fr\/wp-content\/uploads\/2016\/09\/DSC_0192-300x187.jpg\" alt=\"dsc_0192\" width=\"300\" height=\"187\" srcset=\"https:\/\/www.lycee-reineantier.fr\/wp-content\/uploads\/2016\/09\/DSC_0192-300x187.jpg 300w, https:\/\/www.lycee-reineantier.fr\/wp-content\/uploads\/2016\/09\/DSC_0192-768x478.jpg 768w, https:\/\/www.lycee-reineantier.fr\/wp-content\/uploads\/2016\/09\/DSC_0192-1024x637.jpg 1024w\" sizes=\"auto, (max-width: 300px) 100vw, 300px\" \/><\/a><a href=\"http:\/\/www.lycee-reineantier.fr\/wp-content\/uploads\/2016\/09\/P1040082-2.jpg\" data-rel=\"lightbox-image-1\" data-rl_title=\"\" data-rl_caption=\"\" title=\"\"><img loading=\"lazy\" decoding=\"async\" class=\"alignnone size-medium wp-image-640\" src=\"http:\/\/www.lycee-reineantier.fr\/wp-content\/uploads\/2016\/09\/P1040082-2-300x126.jpg\" alt=\"p1040082\" width=\"300\" height=\"126\" srcset=\"https:\/\/www.lycee-reineantier.fr\/wp-content\/uploads\/2016\/09\/P1040082-2-300x126.jpg 300w, https:\/\/www.lycee-reineantier.fr\/wp-content\/uploads\/2016\/09\/P1040082-2-768x324.jpg 768w, https:\/\/www.lycee-reineantier.fr\/wp-content\/uploads\/2016\/09\/P1040082-2-1024x431.jpg 1024w\" sizes=\"auto, (max-width: 300px) 100vw, 300px\" \/><\/a><a href=\"http:\/\/www.lycee-reineantier.fr\/wp-content\/uploads\/2016\/09\/DSC_0169-1.jpg\" data-rel=\"lightbox-image-2\" data-rl_title=\"\" data-rl_caption=\"\" title=\"\"><img loading=\"lazy\" decoding=\"async\" class=\"alignnone size-medium wp-image-638\" src=\"http:\/\/www.lycee-reineantier.fr\/wp-content\/uploads\/2016\/09\/DSC_0169-1-300x175.jpg\" alt=\"dsc_0169\" width=\"300\" height=\"175\" srcset=\"https:\/\/www.lycee-reineantier.fr\/wp-content\/uploads\/2016\/09\/DSC_0169-1-300x175.jpg 300w, https:\/\/www.lycee-reineantier.fr\/wp-content\/uploads\/2016\/09\/DSC_0169-1-768x447.jpg 768w, https:\/\/www.lycee-reineantier.fr\/wp-content\/uploads\/2016\/09\/DSC_0169-1-1024x596.jpg 1024w\" sizes=\"auto, (max-width: 300px) 100vw, 300px\" \/><\/a><\/p>\n","protected":false},"excerpt":{"rendered":"<p>Les premiers temps pass\u00e9s dans une classe sont fondateurs et p\u00e8sent beaucoup sur le reste du d\u00e9roulement de l&rsquo;ann\u00e9e. C&rsquo;est pourquoi la Communaut\u00e9 \u00e9ducative du lyc\u00e9e Reine Antier est attentive \u00e0 chaque rentr\u00e9e \u00e0&#46;&#46;&#46;<\/p>\n","protected":false},"author":4,"featured_media":641,"comment_status":"open","ping_status":"open","sticky":false,"template":"","format":"gallery","meta":{"footnotes":""},"categories":[4,3,72,74],"tags":[11,23,22],"class_list":["post-622","post","type-post","status-publish","format-gallery","has-post-thumbnail","hentry","category-a-la-une","category-actualite","category-formation-initiale","category-vie-au-lycee","tag-accompagnement","tag-bien-etre","tag-visites-scolaires","post_format-post-format-gallery"],"_links":{"self":[{"href":"https:\/\/www.lycee-reineantier.fr\/index.php?rest_route=\/wp\/v2\/posts\/622","targetHints":{"allow":["GET"]}}],"collection":[{"href":"https:\/\/www.lycee-reineantier.fr\/index.php?rest_route=\/wp\/v2\/posts"}],"about":[{"href":"https:\/\/www.lycee-reineantier.fr\/index.php?rest_route=\/wp\/v2\/types\/post"}],"author":[{"embeddable":true,"href":"https:\/\/www.lycee-reineantier.fr\/index.php?rest_route=\/wp\/v2\/users\/4"}],"replies":[{"embeddable":true,"href":"https:\/\/www.lycee-reineantier.fr\/index.php?rest_route=%2Fwp%2Fv2%2Fcomments&post=622"}],"version-history":[{"count":4,"href":"https:\/\/www.lycee-reineantier.fr\/index.php?rest_route=\/wp\/v2\/posts\/622\/revisions"}],"predecessor-version":[{"id":645,"href":"https:\/\/www.lycee-reineantier.fr\/index.php?rest_route=\/wp\/v2\/posts\/622\/revisions\/645"}],"wp:featuredmedia":[{"embeddable":true,"href":"https:\/\/www.lycee-reineantier.fr\/index.php?rest_route=\/wp\/v2\/media\/641"}],"wp:attachment":[{"href":"https:\/\/www.lycee-reineantier.fr\/index.php?rest_route=%2Fwp%2Fv2%2Fmedia&parent=622"}],"wp:term":[{"taxonomy":"category","embeddable":true,"href":"https:\/\/www.lycee-reineantier.fr\/index.php?rest_route=%2Fwp%2Fv2%2Fcategories&post=622"},{"taxonomy":"post_tag","embeddable":true,"href":"https:\/\/www.lycee-reineantier.fr\/index.php?rest_route=%2Fwp%2Fv2%2Ftags&post=622"}],"curies":[{"name":"wp","href":"https:\/\/api.w.org\/{rel}","templated":true}]}}