{"id":719,"date":"2017-01-05T11:26:30","date_gmt":"2017-01-05T11:26:30","guid":{"rendered":"http:\/\/www.lycee-reineantier.fr\/?p=719"},"modified":"2022-07-03T16:53:47","modified_gmt":"2022-07-03T16:53:47","slug":"a-la-rencontre-de-ces-hommes-qui-chaque-jour-travaillent-pour-nos-papilles","status":"publish","type":"post","link":"https:\/\/www.lycee-reineantier.fr\/?p=719","title":{"rendered":"A la rencontre de ces hommes qui chaque jour travaillent pour \u00ab\u00a0nos papilles\u00a0\u00bb"},"content":{"rendered":"<p>Dans le cadre de la semaine Sant\u00e9 et d\u00e9veloppement durable, les \u00e9l\u00e8ves de CAP qui se forment aux m\u00e9tiers de la vente et du commerce sont partis \u00e0 la rencontre des producteurs et artisans de Sa\u00f4ne et Loire \u00a0qui travaillent dans le respect de l&rsquo;environnement et qui \u00a0sont soucieux de fabriquer d&rsquo;excellents produits :<\/p>\n<ul>\n<li>La Ch\u00e9vrerie des Truffi\u00e8res \u00e0 Chissey les Macon<\/li>\n<li>La chocolaterie Dufoux<\/li>\n<li>La maison du Charollais<\/li>\n<li>Le Jardinier, Glacier \u00e0 St Etienne en Bresse<\/li>\n<\/ul>\n<p>Pour profiter pleinement de ces produits et s&rsquo;initier aux go\u00fbts et saveurs locales, rien de mieux que de les cuisiner. C&rsquo; est ce \u00e0 quoi les \u00e9l\u00e8ves se sont attach\u00e9s, en proposant aux \u00e9l\u00e8ves des autres classes et au personnel une d\u00e9gustation autour du chocolat, des fruits et l\u00e9gumes et du fromage de ch\u00e8vre&#8230;<\/p>\n<p><a href=\"http:\/\/www.lycee-reineantier.fr\/wp-content\/uploads\/2017\/01\/P1040880.jpg\" data-rel=\"lightbox-image-0\" data-rl_title=\"\" data-rl_caption=\"\" title=\"\"><img loading=\"lazy\" decoding=\"async\" class=\"size-medium wp-image-734 aligncenter\" src=\"http:\/\/www.lycee-reineantier.fr\/wp-content\/uploads\/2017\/01\/P1040880-300x225.jpg\" alt=\"p1040880\" width=\"300\" height=\"225\" srcset=\"https:\/\/www.lycee-reineantier.fr\/wp-content\/uploads\/2017\/01\/P1040880-300x225.jpg 300w, https:\/\/www.lycee-reineantier.fr\/wp-content\/uploads\/2017\/01\/P1040880-768x576.jpg 768w, https:\/\/www.lycee-reineantier.fr\/wp-content\/uploads\/2017\/01\/P1040880-1024x768.jpg 1024w\" sizes=\"auto, (max-width: 300px) 100vw, 300px\" \/><\/a><\/p>\n","protected":false},"excerpt":{"rendered":"<p>Dans le cadre de la semaine Sant\u00e9 et d\u00e9veloppement durable, les \u00e9l\u00e8ves de CAP qui se forment aux m\u00e9tiers de la vente et du commerce sont partis \u00e0 la rencontre des producteurs et artisans&#46;&#46;&#46;<\/p>\n","protected":false},"author":4,"featured_media":733,"comment_status":"open","ping_status":"open","sticky":false,"template":"","format":"standard","meta":{"footnotes":""},"categories":[4,72],"tags":[32,10,34,8,20],"class_list":["post-719","post","type-post","status-publish","format-standard","has-post-thumbnail","hentry","category-a-la-une","category-formation-initiale","tag-action-professionnelle","tag-animations","tag-developpement-durable","tag-enseigner-autrement","tag-sortie-pedagogique"],"_links":{"self":[{"href":"https:\/\/www.lycee-reineantier.fr\/index.php?rest_route=\/wp\/v2\/posts\/719","targetHints":{"allow":["GET"]}}],"collection":[{"href":"https:\/\/www.lycee-reineantier.fr\/index.php?rest_route=\/wp\/v2\/posts"}],"about":[{"href":"https:\/\/www.lycee-reineantier.fr\/index.php?rest_route=\/wp\/v2\/types\/post"}],"author":[{"embeddable":true,"href":"https:\/\/www.lycee-reineantier.fr\/index.php?rest_route=\/wp\/v2\/users\/4"}],"replies":[{"embeddable":true,"href":"https:\/\/www.lycee-reineantier.fr\/index.php?rest_route=%2Fwp%2Fv2%2Fcomments&post=719"}],"version-history":[{"count":2,"href":"https:\/\/www.lycee-reineantier.fr\/index.php?rest_route=\/wp\/v2\/posts\/719\/revisions"}],"predecessor-version":[{"id":735,"href":"https:\/\/www.lycee-reineantier.fr\/index.php?rest_route=\/wp\/v2\/posts\/719\/revisions\/735"}],"wp:featuredmedia":[{"embeddable":true,"href":"https:\/\/www.lycee-reineantier.fr\/index.php?rest_route=\/wp\/v2\/media\/733"}],"wp:attachment":[{"href":"https:\/\/www.lycee-reineantier.fr\/index.php?rest_route=%2Fwp%2Fv2%2Fmedia&parent=719"}],"wp:term":[{"taxonomy":"category","embeddable":true,"href":"https:\/\/www.lycee-reineantier.fr\/index.php?rest_route=%2Fwp%2Fv2%2Fcategories&post=719"},{"taxonomy":"post_tag","embeddable":true,"href":"https:\/\/www.lycee-reineantier.fr\/index.php?rest_route=%2Fwp%2Fv2%2Ftags&post=719"}],"curies":[{"name":"wp","href":"https:\/\/api.w.org\/{rel}","templated":true}]}}