{"id":722,"date":"2017-01-05T13:35:03","date_gmt":"2017-01-05T13:35:03","guid":{"rendered":"http:\/\/www.lycee-reineantier.fr\/?p=722"},"modified":"2022-07-03T16:53:47","modified_gmt":"2022-07-03T16:53:47","slug":"conduire-des-activites-daccompagnement-de-la-personne","status":"publish","type":"post","link":"https:\/\/www.lycee-reineantier.fr\/?p=722","title":{"rendered":"Conduire des activit\u00e9s d&rsquo;accompagnement de la personne&#8230;"},"content":{"rendered":"<p><a href=\"http:\/\/www.lycee-reineantier.fr\/wp-content\/uploads\/2017\/01\/services-\u00e0-la-personne.png\" data-rel=\"lightbox-image-0\" data-rl_title=\"\" data-rl_caption=\"\" title=\"\"><img loading=\"lazy\" decoding=\"async\" class=\"alignnone size-medium wp-image-744\" src=\"http:\/\/www.lycee-reineantier.fr\/wp-content\/uploads\/2017\/01\/services-\u00e0-la-personne-300x121.png\" alt=\"services-a-la-personne\" width=\"300\" height=\"121\" srcset=\"https:\/\/www.lycee-reineantier.fr\/wp-content\/uploads\/2017\/01\/services-\u00e0-la-personne-300x121.png 300w, https:\/\/www.lycee-reineantier.fr\/wp-content\/uploads\/2017\/01\/services-\u00e0-la-personne.png 308w\" sizes=\"auto, (max-width: 300px) 100vw, 300px\" \/><\/a><a href=\"http:\/\/www.lycee-reineantier.fr\/wp-content\/uploads\/2016\/12\/couture.png\" data-rel=\"lightbox-image-1\" data-rl_title=\"\" data-rl_caption=\"\" title=\"\"><img loading=\"lazy\" decoding=\"async\" class=\"alignnone size-full wp-image-736\" src=\"http:\/\/www.lycee-reineantier.fr\/wp-content\/uploads\/2016\/12\/couture.png\" alt=\"couture\" width=\"177\" height=\"118\" \/><\/a>\u00a0 \u00a0\u00a0<a href=\"http:\/\/www.lycee-reineantier.fr\/wp-content\/uploads\/2017\/01\/ergoth\u00e9rapie.png\" data-rel=\"lightbox-image-2\" data-rl_title=\"\" data-rl_caption=\"\" title=\"\"><img loading=\"lazy\" decoding=\"async\" class=\"alignnone size-full wp-image-737\" src=\"http:\/\/www.lycee-reineantier.fr\/wp-content\/uploads\/2017\/01\/ergoth\u00e9rapie.png\" alt=\"ergotherapie\" width=\"126\" height=\"90\" \/><\/a><a href=\"http:\/\/www.lycee-reineantier.fr\/wp-content\/uploads\/2017\/01\/securit\u00e9-incendie.png\" data-rel=\"lightbox-image-3\" data-rl_title=\"\" data-rl_caption=\"\" title=\"\"><img loading=\"lazy\" decoding=\"async\" class=\"alignnone size-full wp-image-738\" src=\"http:\/\/www.lycee-reineantier.fr\/wp-content\/uploads\/2017\/01\/securit\u00e9-incendie.png\" alt=\"securite-incendie\" width=\"231\" height=\"119\" \/><\/a><\/p>\n<p>Permettre \u00e0 une personne ag\u00e9e d\u00e9pendante de continuer \u00e0 vivre chez elle, aider un enfant handicap\u00e9 moteur \u00e0 suivre une scolarit\u00e9 normale, aider une famille en situation de pr\u00e9carit\u00e9&#8230;les \u00e9l\u00e8ves du lyc\u00e9e en \u00ab\u00a0services aux personnes\u00a0\u00bb se pr\u00e9parent \u00e0 devenir des professionnels de l&rsquo;\u00e9coute, de l&rsquo;aide et du conseil.<\/p>\n<p>Les activit\u00e9s techniques pr\u00e9par\u00e9es et abord\u00e9es tout au long de la formation sont vari\u00e9es et nombreuses : m\u00e9nage, repas, couture, accompagnement des personnes \u00e0 mobilit\u00e9 r\u00e9duite, animations&#8230;<\/p>\n<p>Pour se pr\u00e9parer au mieux \u00e0 leur prochaine \u00e9preuve pratique et apprendre des notions de base \u00a0en couture, les \u00e9l\u00e8ves de 2nde BAC PRO ont confectionn\u00e9 des chouettes, hiboux et se sont \u00ab\u00a0immerger\u00a0\u00bb pendant un stage d&rsquo;une semaine en \u00ab\u00a0Lingerie et restauration\u00a0\u00bb.<\/p>\n<p>Par ailleurs les jeunes en formation ont b\u00e9n\u00e9fici\u00e9 de l&rsquo;intervention de 2 professionnels :<\/p>\n<ul>\n<li>Intervention sur le th\u00e8me de la \u00ab\u00a0S\u00e9curit\u00e9 et les moyens de lutte contre l&rsquo;incendie\u00a0\u00bb par \u00a0Mr QUAND de la soci\u00e9t\u00e9 SICLI pour les \u00e9l\u00e8ves de Terminale qui se destinent \u00e0 travailler pour la plupart en structure \u00a0( maisons de retraite, h\u00f4pital, cr\u00e8che, services sociaux ou \u00e0 domicile). La d\u00e9monstration sur l&rsquo;utilisation de l&rsquo;extincteur \u00e0 \u00e9t\u00e9 particuli\u00e8rement appr\u00e9ci\u00e9e&#8230;<\/li>\n<li>Intervention d&rsquo;une ergoth\u00e9rapeute de la Mutualit\u00e9 Fran\u00e7aise de Sa\u00f4ne et Loire pour aborder l&rsquo;am\u00e9nagement et l&rsquo;\u00e9quipement du domicile des personnes ag\u00e9es<\/li>\n<\/ul>\n<p>Merci aux intervenants et aux professionnels pour l&rsquo;encadrement et l&rsquo;accueil r\u00e9serv\u00e9 \u00e0 nos \u00e9l\u00e8ves.<\/p>\n","protected":false},"excerpt":{"rendered":"<p>\u00a0 \u00a0\u00a0 Permettre \u00e0 une personne ag\u00e9e d\u00e9pendante de continuer \u00e0 vivre chez elle, aider un enfant handicap\u00e9 moteur \u00e0 suivre une scolarit\u00e9 normale, aider une famille en situation de pr\u00e9carit\u00e9&#8230;les \u00e9l\u00e8ves du lyc\u00e9e&#46;&#46;&#46;<\/p>\n","protected":false},"author":4,"featured_media":754,"comment_status":"open","ping_status":"open","sticky":false,"template":"","format":"standard","meta":{"footnotes":""},"categories":[72],"tags":[41,23,8],"class_list":["post-722","post","type-post","status-publish","format-standard","has-post-thumbnail","hentry","category-formation-initiale","tag-accompagnement-de-la-personne-fragile","tag-bien-etre","tag-enseigner-autrement"],"_links":{"self":[{"href":"https:\/\/www.lycee-reineantier.fr\/index.php?rest_route=\/wp\/v2\/posts\/722","targetHints":{"allow":["GET"]}}],"collection":[{"href":"https:\/\/www.lycee-reineantier.fr\/index.php?rest_route=\/wp\/v2\/posts"}],"about":[{"href":"https:\/\/www.lycee-reineantier.fr\/index.php?rest_route=\/wp\/v2\/types\/post"}],"author":[{"embeddable":true,"href":"https:\/\/www.lycee-reineantier.fr\/index.php?rest_route=\/wp\/v2\/users\/4"}],"replies":[{"embeddable":true,"href":"https:\/\/www.lycee-reineantier.fr\/index.php?rest_route=%2Fwp%2Fv2%2Fcomments&post=722"}],"version-history":[{"count":5,"href":"https:\/\/www.lycee-reineantier.fr\/index.php?rest_route=\/wp\/v2\/posts\/722\/revisions"}],"predecessor-version":[{"id":742,"href":"https:\/\/www.lycee-reineantier.fr\/index.php?rest_route=\/wp\/v2\/posts\/722\/revisions\/742"}],"wp:featuredmedia":[{"embeddable":true,"href":"https:\/\/www.lycee-reineantier.fr\/index.php?rest_route=\/wp\/v2\/media\/754"}],"wp:attachment":[{"href":"https:\/\/www.lycee-reineantier.fr\/index.php?rest_route=%2Fwp%2Fv2%2Fmedia&parent=722"}],"wp:term":[{"taxonomy":"category","embeddable":true,"href":"https:\/\/www.lycee-reineantier.fr\/index.php?rest_route=%2Fwp%2Fv2%2Fcategories&post=722"},{"taxonomy":"post_tag","embeddable":true,"href":"https:\/\/www.lycee-reineantier.fr\/index.php?rest_route=%2Fwp%2Fv2%2Ftags&post=722"}],"curies":[{"name":"wp","href":"https:\/\/api.w.org\/{rel}","templated":true}]}}