{"id":747,"date":"2017-01-13T08:08:36","date_gmt":"2017-01-13T08:08:36","guid":{"rendered":"http:\/\/www.lycee-reineantier.fr\/?p=747"},"modified":"2017-01-16T06:45:12","modified_gmt":"2017-01-16T06:45:12","slug":"aider-les-femmes-et-les-enfants-au-burkina-faso","status":"publish","type":"post","link":"https:\/\/www.lycee-reineantier.fr\/?p=747","title":{"rendered":"Aider les femmes et les enfants au Burkina Faso"},"content":{"rendered":"<p><a href=\"http:\/\/www.lycee-reineantier.fr\/wp-content\/uploads\/2017\/01\/Mme-CAPELLI-avec-un-jeune-burkinab\u00e9.jpg\" data-rel=\"lightbox-image-0\" data-rl_title=\"\" data-rl_caption=\"\" title=\"\"><img loading=\"lazy\" decoding=\"async\" class=\"alignnone size-medium wp-image-771\" src=\"http:\/\/www.lycee-reineantier.fr\/wp-content\/uploads\/2017\/01\/Mme-CAPELLI-avec-un-jeune-burkinab\u00e9-300x211.jpg\" alt=\"Mme CAPELLI avec un jeune burkinab\u00e9\" width=\"300\" height=\"211\" srcset=\"https:\/\/www.lycee-reineantier.fr\/wp-content\/uploads\/2017\/01\/Mme-CAPELLI-avec-un-jeune-burkinab\u00e9-300x211.jpg 300w, https:\/\/www.lycee-reineantier.fr\/wp-content\/uploads\/2017\/01\/Mme-CAPELLI-avec-un-jeune-burkinab\u00e9-768x539.jpg 768w, https:\/\/www.lycee-reineantier.fr\/wp-content\/uploads\/2017\/01\/Mme-CAPELLI-avec-un-jeune-burkinab\u00e9.jpg 940w\" sizes=\"auto, (max-width: 300px) 100vw, 300px\" \/><\/a><\/p>\n<p>&nbsp;<\/p>\n<p>Merci aux \u00e9l\u00e8ves et aux adultes du lyc\u00e9e qui ont r\u00e9cup\u00e9r\u00e9 des lunettes , des jouets et \/ou t\u00e9l\u00e9phones portables non utilis\u00e9s au profit de l&rsquo;Association Jobilo fond\u00e9e \u00a0par Mme CAPELLI, membre du conseil d&rsquo;administration de notre \u00e9tablissement.<\/p>\n<p>Cette association est destin\u00e9e \u00e0 promouvoir la scolarisation des enfants et l&rsquo;\u00e9mancipation des femmes au Burkina Faso.<\/p>\n<p>Durant ce mois de Janvier, Mme CAPELLI se rendra \u00e0 nouveau avec une amie Mme BRUSSIER au Burkina Faso pour aider les femmes et les enfants de ce pays.<\/p>\n<p>Sur place elles retrouveront le p\u00e8re Joachim Bingbour\u00e9 qui a \u00e9t\u00e9 5 ans cur\u00e9 \u00e0 Pont de Vaux et qui est retourn\u00e9 dans son pays.<\/p>\n","protected":false},"excerpt":{"rendered":"<p>&nbsp; Merci aux \u00e9l\u00e8ves et aux adultes du lyc\u00e9e qui ont r\u00e9cup\u00e9r\u00e9 des lunettes , des jouets et \/ou t\u00e9l\u00e9phones portables non utilis\u00e9s au profit de l&rsquo;Association Jobilo fond\u00e9e \u00a0par Mme CAPELLI, membre du&#46;&#46;&#46;<\/p>\n","protected":false},"author":4,"featured_media":771,"comment_status":"open","ping_status":"open","sticky":false,"template":"","format":"standard","meta":{"footnotes":""},"categories":[4],"tags":[],"class_list":["post-747","post","type-post","status-publish","format-standard","has-post-thumbnail","hentry","category-a-la-une"],"_links":{"self":[{"href":"https:\/\/www.lycee-reineantier.fr\/index.php?rest_route=\/wp\/v2\/posts\/747","targetHints":{"allow":["GET"]}}],"collection":[{"href":"https:\/\/www.lycee-reineantier.fr\/index.php?rest_route=\/wp\/v2\/posts"}],"about":[{"href":"https:\/\/www.lycee-reineantier.fr\/index.php?rest_route=\/wp\/v2\/types\/post"}],"author":[{"embeddable":true,"href":"https:\/\/www.lycee-reineantier.fr\/index.php?rest_route=\/wp\/v2\/users\/4"}],"replies":[{"embeddable":true,"href":"https:\/\/www.lycee-reineantier.fr\/index.php?rest_route=%2Fwp%2Fv2%2Fcomments&post=747"}],"version-history":[{"count":2,"href":"https:\/\/www.lycee-reineantier.fr\/index.php?rest_route=\/wp\/v2\/posts\/747\/revisions"}],"predecessor-version":[{"id":772,"href":"https:\/\/www.lycee-reineantier.fr\/index.php?rest_route=\/wp\/v2\/posts\/747\/revisions\/772"}],"wp:featuredmedia":[{"embeddable":true,"href":"https:\/\/www.lycee-reineantier.fr\/index.php?rest_route=\/wp\/v2\/media\/771"}],"wp:attachment":[{"href":"https:\/\/www.lycee-reineantier.fr\/index.php?rest_route=%2Fwp%2Fv2%2Fmedia&parent=747"}],"wp:term":[{"taxonomy":"category","embeddable":true,"href":"https:\/\/www.lycee-reineantier.fr\/index.php?rest_route=%2Fwp%2Fv2%2Fcategories&post=747"},{"taxonomy":"post_tag","embeddable":true,"href":"https:\/\/www.lycee-reineantier.fr\/index.php?rest_route=%2Fwp%2Fv2%2Ftags&post=747"}],"curies":[{"name":"wp","href":"https:\/\/api.w.org\/{rel}","templated":true}]}}